{"id":11482,"date":"2023-06-15T07:04:11","date_gmt":"2023-06-15T05:04:11","guid":{"rendered":"https:\/\/www.tedom.com\/we-commisioned-a-4-mw-chp-system-in-tarnowskie-hory-poland\/"},"modified":"2024-01-23T12:48:02","modified_gmt":"2024-01-23T11:48:02","slug":"uruchomilismy-system-kogeneracyjny-o-mocy-4-mw-w-tarnowskich-gorach","status":"publish","type":"post","link":"https:\/\/www.tedom.com\/pl\/uruchomilismy-system-kogeneracyjny-o-mocy-4-mw-w-tarnowskich-gorach\/","title":{"rendered":"Uruchomili\u015bmy system kogeneracyjny o mocy 4 MW w Tarnowskich G\u00f3rach"},"content":{"rendered":"<div class=\"text-content\">\n<div class=\"text-body\">\n<div class=\"text\">\n<div class=\"text-content\">\n<div class=\"text-body\">\n<div class=\"text\">\n<div class=\"text-content\">\n<div class=\"text-body\">\n<div class=\"text\">26 kwietnia br. na terenie ciep\u0142owni w Tarnowskich G\u00f3rach uruchomiona zosta\u0142a instalacja oparta o dwa agregaty kogeneracyjne TEDOM QUANTO 2000 MWM NG C w zabudowie kontenerowej, ka\u017cdy o mocy 2 MWe i kot\u0142owni\u0119 opalan\u0105 paliwem biomasowym o mocy 12 MWt.<\/div>\n<\/div>\n<\/div>\n<div class=\"image\"><\/div>\n<\/div>\n<\/div>\n<\/div>\n<\/div>\n<\/div>\n<\/div>\n","protected":false},"excerpt":{"rendered":"<p>26 kwietnia br. na terenie ciep\u0142owni w Tarnowskich G\u00f3rach uruchomiona zosta\u0142a instalacja oparta o dwa agregaty kogeneracyjne TEDOM QUANTO 2000 MWM NG C w zabudowie kontenerowej, ka\u017cdy o mocy 2 MWe i kot\u0142owni\u0119 opalan\u0105 paliwem biomasowym o mocy 12 MWt.<\/p>\n","protected":false},"author":4,"featured_media":6178,"comment_status":"closed","ping_status":"closed","sticky":false,"template":"","format":"standard","meta":{"_acf_changed":false,"footnotes":""},"categories":[333],"tags":[308,344],"class_list":["post-11482","post","type-post","status-publish","format-standard","has-post-thumbnail","hentry","category-aktualnosci","tag-quanto-pl","tag-gaz-ziemny"],"acf":[],"yoast_head":"<!-- This site is optimized with the Yoast SEO Premium plugin v24.6 (Yoast SEO v26.4) - https:\/\/yoast.com\/wordpress\/plugins\/seo\/ -->\n<title>Uruchomili\u015bmy system kogeneracyjny o mocy 4 MW w Tarnowskich G\u00f3rach &#8211; TEDOM<\/title>\n<meta name=\"robots\" content=\"index, follow, max-snippet:-1, max-image-preview:large, max-video-preview:-1\" \/>\n<link rel=\"canonical\" href=\"https:\/\/www.tedom.com\/pl\/uruchomilismy-system-kogeneracyjny-o-mocy-4-mw-w-tarnowskich-gorach\/\" \/>\n<meta property=\"og:locale\" content=\"pl_PL\" \/>\n<meta property=\"og:type\" content=\"article\" \/>\n<meta property=\"og:title\" content=\"Uruchomili\u015bmy system kogeneracyjny o mocy 4 MW w Tarnowskich G\u00f3rach &#8211; TEDOM\" \/>\n<meta property=\"og:description\" content=\"26 kwietnia br. na terenie ciep\u0142owni w Tarnowskich G\u00f3rach uruchomiona zosta\u0142a instalacja oparta o dwa agregaty kogeneracyjne TEDOM QUANTO 2000 MWM NG C w zabudowie kontenerowej, ka\u017cdy o mocy 2 MWe i kot\u0142owni\u0119 opalan\u0105 paliwem biomasowym o mocy 12 MWt.\" \/>\n<meta property=\"og:url\" content=\"https:\/\/www.tedom.com\/pl\/uruchomilismy-system-kogeneracyjny-o-mocy-4-mw-w-tarnowskich-gorach\/\" \/>\n<meta property=\"og:site_name\" content=\"TEDOM\" \/>\n<meta property=\"article:publisher\" content=\"https:\/\/www.facebook.com\/tedom.cz\/\" \/>\n<meta property=\"article:published_time\" content=\"2023-06-15T05:04:11+00:00\" \/>\n<meta property=\"article:modified_time\" content=\"2024-01-23T11:48:02+00:00\" \/>\n<meta property=\"og:image\" content=\"https:\/\/www.tedom.com\/wp-content\/uploads\/2023\/10\/Tarnowskie-Gory-1.jpg\" \/>\n\t<meta property=\"og:image:width\" content=\"1512\" \/>\n\t<meta property=\"og:image:height\" content=\"1134\" \/>\n\t<meta property=\"og:image:type\" content=\"image\/jpeg\" \/>\n<meta name=\"author\" content=\"Roman Kudl\u00e1\u010dek\" \/>\n<meta name=\"twitter:card\" content=\"summary_large_image\" \/>\n<meta name=\"twitter:creator\" content=\"@tedom_chp\" \/>\n<meta name=\"twitter:site\" content=\"@tedom_chp\" \/>\n<meta name=\"twitter:label1\" content=\"Napisane przez\" \/>\n\t<meta name=\"twitter:data1\" content=\"Roman Kudl\u00e1\u010dek\" \/>\n\t<meta name=\"twitter:label2\" content=\"Szacowany czas czytania\" \/>\n\t<meta name=\"twitter:data2\" content=\"1 minuta\" \/>\n<script type=\"application\/ld+json\" class=\"yoast-schema-graph\">{\"@context\":\"https:\/\/schema.org\",\"@graph\":[{\"@type\":\"Article\",\"@id\":\"https:\/\/www.tedom.com\/pl\/uruchomilismy-system-kogeneracyjny-o-mocy-4-mw-w-tarnowskich-gorach\/#article\",\"isPartOf\":{\"@id\":\"https:\/\/www.tedom.com\/pl\/uruchomilismy-system-kogeneracyjny-o-mocy-4-mw-w-tarnowskich-gorach\/\"},\"author\":{\"name\":\"Roman Kudl\u00e1\u010dek\",\"@id\":\"https:\/\/www.tedom.com\/pl\/#\/schema\/person\/913f948e1517f7a5637e803633e1a405\"},\"headline\":\"Uruchomili\u015bmy system kogeneracyjny o mocy 4 MW w Tarnowskich G\u00f3rach\",\"datePublished\":\"2023-06-15T05:04:11+00:00\",\"dateModified\":\"2024-01-23T11:48:02+00:00\",\"mainEntityOfPage\":{\"@id\":\"https:\/\/www.tedom.com\/pl\/uruchomilismy-system-kogeneracyjny-o-mocy-4-mw-w-tarnowskich-gorach\/\"},\"wordCount\":52,\"publisher\":{\"@id\":\"https:\/\/www.tedom.com\/pl\/#organization\"},\"image\":{\"@id\":\"https:\/\/www.tedom.com\/pl\/uruchomilismy-system-kogeneracyjny-o-mocy-4-mw-w-tarnowskich-gorach\/#primaryimage\"},\"thumbnailUrl\":\"https:\/\/www.tedom.com\/wp-content\/uploads\/2023\/10\/Tarnowskie-Gory-1.jpg\",\"keywords\":[\"quanto\",\"gaz ziemny\"],\"articleSection\":[\"Aktualno\u015bci\"],\"inLanguage\":\"pl-PL\"},{\"@type\":\"WebPage\",\"@id\":\"https:\/\/www.tedom.com\/pl\/uruchomilismy-system-kogeneracyjny-o-mocy-4-mw-w-tarnowskich-gorach\/\",\"url\":\"https:\/\/www.tedom.com\/pl\/uruchomilismy-system-kogeneracyjny-o-mocy-4-mw-w-tarnowskich-gorach\/\",\"name\":\"Uruchomili\u015bmy system kogeneracyjny o mocy 4 MW w Tarnowskich G\u00f3rach &#8211; TEDOM\",\"isPartOf\":{\"@id\":\"https:\/\/www.tedom.com\/pl\/#website\"},\"primaryImageOfPage\":{\"@id\":\"https:\/\/www.tedom.com\/pl\/uruchomilismy-system-kogeneracyjny-o-mocy-4-mw-w-tarnowskich-gorach\/#primaryimage\"},\"image\":{\"@id\":\"https:\/\/www.tedom.com\/pl\/uruchomilismy-system-kogeneracyjny-o-mocy-4-mw-w-tarnowskich-gorach\/#primaryimage\"},\"thumbnailUrl\":\"https:\/\/www.tedom.com\/wp-content\/uploads\/2023\/10\/Tarnowskie-Gory-1.jpg\",\"datePublished\":\"2023-06-15T05:04:11+00:00\",\"dateModified\":\"2024-01-23T11:48:02+00:00\",\"breadcrumb\":{\"@id\":\"https:\/\/www.tedom.com\/pl\/uruchomilismy-system-kogeneracyjny-o-mocy-4-mw-w-tarnowskich-gorach\/#breadcrumb\"},\"inLanguage\":\"pl-PL\",\"potentialAction\":[{\"@type\":\"ReadAction\",\"target\":[\"https:\/\/www.tedom.com\/pl\/uruchomilismy-system-kogeneracyjny-o-mocy-4-mw-w-tarnowskich-gorach\/\"]}]},{\"@type\":\"ImageObject\",\"inLanguage\":\"pl-PL\",\"@id\":\"https:\/\/www.tedom.com\/pl\/uruchomilismy-system-kogeneracyjny-o-mocy-4-mw-w-tarnowskich-gorach\/#primaryimage\",\"url\":\"https:\/\/www.tedom.com\/wp-content\/uploads\/2023\/10\/Tarnowskie-Gory-1.jpg\",\"contentUrl\":\"https:\/\/www.tedom.com\/wp-content\/uploads\/2023\/10\/Tarnowskie-Gory-1.jpg\",\"width\":1512,\"height\":1134},{\"@type\":\"BreadcrumbList\",\"@id\":\"https:\/\/www.tedom.com\/pl\/uruchomilismy-system-kogeneracyjny-o-mocy-4-mw-w-tarnowskich-gorach\/#breadcrumb\",\"itemListElement\":[{\"@type\":\"ListItem\",\"position\":1,\"name\":\"Home\",\"item\":\"https:\/\/www.tedom.com\/pl\/home-page\/\"},{\"@type\":\"ListItem\",\"position\":2,\"name\":\"Uruchomili\u015bmy system kogeneracyjny o mocy 4 MW w Tarnowskich G\u00f3rach\"}]},{\"@type\":\"WebSite\",\"@id\":\"https:\/\/www.tedom.com\/pl\/#website\",\"url\":\"https:\/\/www.tedom.com\/pl\/\",\"name\":\"TEDOM\",\"description\":\"TEDOM se zab\u00fdv\u00e1 v\u00fdrobou kogenera\u010dn\u00edch jednotek, instalac\u00ed fotovoltaiky a poskytov\u00e1n\u00edm komplexn\u00edch slu\u017eeb pro modern\u00ed decentr\u00e1ln\u00ed energetiku.\",\"publisher\":{\"@id\":\"https:\/\/www.tedom.com\/pl\/#organization\"},\"potentialAction\":[{\"@type\":\"SearchAction\",\"target\":{\"@type\":\"EntryPoint\",\"urlTemplate\":\"https:\/\/www.tedom.com\/pl\/?s={search_term_string}\"},\"query-input\":{\"@type\":\"PropertyValueSpecification\",\"valueRequired\":true,\"valueName\":\"search_term_string\"}}],\"inLanguage\":\"pl-PL\"},{\"@type\":\"Organization\",\"@id\":\"https:\/\/www.tedom.com\/pl\/#organization\",\"name\":\"TEDOM a. s.\",\"url\":\"https:\/\/www.tedom.com\/pl\/\",\"logo\":{\"@type\":\"ImageObject\",\"inLanguage\":\"pl-PL\",\"@id\":\"https:\/\/www.tedom.com\/pl\/#\/schema\/logo\/image\/\",\"url\":\"https:\/\/www.tedom.com\/wp-content\/uploads\/2023\/11\/TEDOM_logotype_RGB-scaled.jpg\",\"contentUrl\":\"https:\/\/www.tedom.com\/wp-content\/uploads\/2023\/11\/TEDOM_logotype_RGB-scaled.jpg\",\"width\":2560,\"height\":654,\"caption\":\"TEDOM a. s.\"},\"image\":{\"@id\":\"https:\/\/www.tedom.com\/pl\/#\/schema\/logo\/image\/\"},\"sameAs\":[\"https:\/\/www.facebook.com\/tedom.cz\/\",\"https:\/\/x.com\/tedom_chp\",\"https:\/\/www.instagram.com\/tedom_a.s\/\",\"https:\/\/www.youtube.com\/channel\/UCEqr6fHr02vxVRVF_xtKZ2w\",\"https:\/\/www.linkedin.com\/company\/tedom-a-s-?originalSubdomain=cz\"]},{\"@type\":\"Person\",\"@id\":\"https:\/\/www.tedom.com\/pl\/#\/schema\/person\/913f948e1517f7a5637e803633e1a405\",\"name\":\"Roman Kudl\u00e1\u010dek\",\"image\":{\"@type\":\"ImageObject\",\"inLanguage\":\"pl-PL\",\"@id\":\"https:\/\/www.tedom.com\/pl\/#\/schema\/person\/image\/\",\"url\":\"https:\/\/secure.gravatar.com\/avatar\/e6cbe07a24976daf01748ab3623d9f38ccf367a3e9cd4c16a07913449db8cb24?s=96&d=mm&r=g\",\"contentUrl\":\"https:\/\/secure.gravatar.com\/avatar\/e6cbe07a24976daf01748ab3623d9f38ccf367a3e9cd4c16a07913449db8cb24?s=96&d=mm&r=g\",\"caption\":\"Roman Kudl\u00e1\u010dek\"},\"url\":\"https:\/\/www.tedom.com\/pl\/author\/kudlacek\/\"}]}<\/script>\n<!-- \/ Yoast SEO Premium plugin. -->","yoast_head_json":{"title":"Uruchomili\u015bmy system kogeneracyjny o mocy 4 MW w Tarnowskich G\u00f3rach &#8211; TEDOM","robots":{"index":"index","follow":"follow","max-snippet":"max-snippet:-1","max-image-preview":"max-image-preview:large","max-video-preview":"max-video-preview:-1"},"canonical":"https:\/\/www.tedom.com\/pl\/uruchomilismy-system-kogeneracyjny-o-mocy-4-mw-w-tarnowskich-gorach\/","og_locale":"pl_PL","og_type":"article","og_title":"Uruchomili\u015bmy system kogeneracyjny o mocy 4 MW w Tarnowskich G\u00f3rach &#8211; TEDOM","og_description":"26 kwietnia br. na terenie ciep\u0142owni w Tarnowskich G\u00f3rach uruchomiona zosta\u0142a instalacja oparta o dwa agregaty kogeneracyjne TEDOM QUANTO 2000 MWM NG C w zabudowie kontenerowej, ka\u017cdy o mocy 2 MWe i kot\u0142owni\u0119 opalan\u0105 paliwem biomasowym o mocy 12 MWt.","og_url":"https:\/\/www.tedom.com\/pl\/uruchomilismy-system-kogeneracyjny-o-mocy-4-mw-w-tarnowskich-gorach\/","og_site_name":"TEDOM","article_publisher":"https:\/\/www.facebook.com\/tedom.cz\/","article_published_time":"2023-06-15T05:04:11+00:00","article_modified_time":"2024-01-23T11:48:02+00:00","og_image":[{"width":1512,"height":1134,"url":"https:\/\/www.tedom.com\/wp-content\/uploads\/2023\/10\/Tarnowskie-Gory-1.jpg","type":"image\/jpeg"}],"author":"Roman Kudl\u00e1\u010dek","twitter_card":"summary_large_image","twitter_creator":"@tedom_chp","twitter_site":"@tedom_chp","twitter_misc":{"Napisane przez":"Roman Kudl\u00e1\u010dek","Szacowany czas czytania":"1 minuta"},"schema":{"@context":"https:\/\/schema.org","@graph":[{"@type":"Article","@id":"https:\/\/www.tedom.com\/pl\/uruchomilismy-system-kogeneracyjny-o-mocy-4-mw-w-tarnowskich-gorach\/#article","isPartOf":{"@id":"https:\/\/www.tedom.com\/pl\/uruchomilismy-system-kogeneracyjny-o-mocy-4-mw-w-tarnowskich-gorach\/"},"author":{"name":"Roman Kudl\u00e1\u010dek","@id":"https:\/\/www.tedom.com\/pl\/#\/schema\/person\/913f948e1517f7a5637e803633e1a405"},"headline":"Uruchomili\u015bmy system kogeneracyjny o mocy 4 MW w Tarnowskich G\u00f3rach","datePublished":"2023-06-15T05:04:11+00:00","dateModified":"2024-01-23T11:48:02+00:00","mainEntityOfPage":{"@id":"https:\/\/www.tedom.com\/pl\/uruchomilismy-system-kogeneracyjny-o-mocy-4-mw-w-tarnowskich-gorach\/"},"wordCount":52,"publisher":{"@id":"https:\/\/www.tedom.com\/pl\/#organization"},"image":{"@id":"https:\/\/www.tedom.com\/pl\/uruchomilismy-system-kogeneracyjny-o-mocy-4-mw-w-tarnowskich-gorach\/#primaryimage"},"thumbnailUrl":"https:\/\/www.tedom.com\/wp-content\/uploads\/2023\/10\/Tarnowskie-Gory-1.jpg","keywords":["quanto","gaz ziemny"],"articleSection":["Aktualno\u015bci"],"inLanguage":"pl-PL"},{"@type":"WebPage","@id":"https:\/\/www.tedom.com\/pl\/uruchomilismy-system-kogeneracyjny-o-mocy-4-mw-w-tarnowskich-gorach\/","url":"https:\/\/www.tedom.com\/pl\/uruchomilismy-system-kogeneracyjny-o-mocy-4-mw-w-tarnowskich-gorach\/","name":"Uruchomili\u015bmy system kogeneracyjny o mocy 4 MW w Tarnowskich G\u00f3rach &#8211; TEDOM","isPartOf":{"@id":"https:\/\/www.tedom.com\/pl\/#website"},"primaryImageOfPage":{"@id":"https:\/\/www.tedom.com\/pl\/uruchomilismy-system-kogeneracyjny-o-mocy-4-mw-w-tarnowskich-gorach\/#primaryimage"},"image":{"@id":"https:\/\/www.tedom.com\/pl\/uruchomilismy-system-kogeneracyjny-o-mocy-4-mw-w-tarnowskich-gorach\/#primaryimage"},"thumbnailUrl":"https:\/\/www.tedom.com\/wp-content\/uploads\/2023\/10\/Tarnowskie-Gory-1.jpg","datePublished":"2023-06-15T05:04:11+00:00","dateModified":"2024-01-23T11:48:02+00:00","breadcrumb":{"@id":"https:\/\/www.tedom.com\/pl\/uruchomilismy-system-kogeneracyjny-o-mocy-4-mw-w-tarnowskich-gorach\/#breadcrumb"},"inLanguage":"pl-PL","potentialAction":[{"@type":"ReadAction","target":["https:\/\/www.tedom.com\/pl\/uruchomilismy-system-kogeneracyjny-o-mocy-4-mw-w-tarnowskich-gorach\/"]}]},{"@type":"ImageObject","inLanguage":"pl-PL","@id":"https:\/\/www.tedom.com\/pl\/uruchomilismy-system-kogeneracyjny-o-mocy-4-mw-w-tarnowskich-gorach\/#primaryimage","url":"https:\/\/www.tedom.com\/wp-content\/uploads\/2023\/10\/Tarnowskie-Gory-1.jpg","contentUrl":"https:\/\/www.tedom.com\/wp-content\/uploads\/2023\/10\/Tarnowskie-Gory-1.jpg","width":1512,"height":1134},{"@type":"BreadcrumbList","@id":"https:\/\/www.tedom.com\/pl\/uruchomilismy-system-kogeneracyjny-o-mocy-4-mw-w-tarnowskich-gorach\/#breadcrumb","itemListElement":[{"@type":"ListItem","position":1,"name":"Home","item":"https:\/\/www.tedom.com\/pl\/home-page\/"},{"@type":"ListItem","position":2,"name":"Uruchomili\u015bmy system kogeneracyjny o mocy 4 MW w Tarnowskich G\u00f3rach"}]},{"@type":"WebSite","@id":"https:\/\/www.tedom.com\/pl\/#website","url":"https:\/\/www.tedom.com\/pl\/","name":"TEDOM","description":"TEDOM se zab\u00fdv\u00e1 v\u00fdrobou kogenera\u010dn\u00edch jednotek, instalac\u00ed fotovoltaiky a poskytov\u00e1n\u00edm komplexn\u00edch slu\u017eeb pro modern\u00ed decentr\u00e1ln\u00ed energetiku.","publisher":{"@id":"https:\/\/www.tedom.com\/pl\/#organization"},"potentialAction":[{"@type":"SearchAction","target":{"@type":"EntryPoint","urlTemplate":"https:\/\/www.tedom.com\/pl\/?s={search_term_string}"},"query-input":{"@type":"PropertyValueSpecification","valueRequired":true,"valueName":"search_term_string"}}],"inLanguage":"pl-PL"},{"@type":"Organization","@id":"https:\/\/www.tedom.com\/pl\/#organization","name":"TEDOM a. s.","url":"https:\/\/www.tedom.com\/pl\/","logo":{"@type":"ImageObject","inLanguage":"pl-PL","@id":"https:\/\/www.tedom.com\/pl\/#\/schema\/logo\/image\/","url":"https:\/\/www.tedom.com\/wp-content\/uploads\/2023\/11\/TEDOM_logotype_RGB-scaled.jpg","contentUrl":"https:\/\/www.tedom.com\/wp-content\/uploads\/2023\/11\/TEDOM_logotype_RGB-scaled.jpg","width":2560,"height":654,"caption":"TEDOM a. s."},"image":{"@id":"https:\/\/www.tedom.com\/pl\/#\/schema\/logo\/image\/"},"sameAs":["https:\/\/www.facebook.com\/tedom.cz\/","https:\/\/x.com\/tedom_chp","https:\/\/www.instagram.com\/tedom_a.s\/","https:\/\/www.youtube.com\/channel\/UCEqr6fHr02vxVRVF_xtKZ2w","https:\/\/www.linkedin.com\/company\/tedom-a-s-?originalSubdomain=cz"]},{"@type":"Person","@id":"https:\/\/www.tedom.com\/pl\/#\/schema\/person\/913f948e1517f7a5637e803633e1a405","name":"Roman Kudl\u00e1\u010dek","image":{"@type":"ImageObject","inLanguage":"pl-PL","@id":"https:\/\/www.tedom.com\/pl\/#\/schema\/person\/image\/","url":"https:\/\/secure.gravatar.com\/avatar\/e6cbe07a24976daf01748ab3623d9f38ccf367a3e9cd4c16a07913449db8cb24?s=96&d=mm&r=g","contentUrl":"https:\/\/secure.gravatar.com\/avatar\/e6cbe07a24976daf01748ab3623d9f38ccf367a3e9cd4c16a07913449db8cb24?s=96&d=mm&r=g","caption":"Roman Kudl\u00e1\u010dek"},"url":"https:\/\/www.tedom.com\/pl\/author\/kudlacek\/"}]}},"_links":{"self":[{"href":"https:\/\/www.tedom.com\/pl\/wp-json\/wp\/v2\/posts\/11482","targetHints":{"allow":["GET"]}}],"collection":[{"href":"https:\/\/www.tedom.com\/pl\/wp-json\/wp\/v2\/posts"}],"about":[{"href":"https:\/\/www.tedom.com\/pl\/wp-json\/wp\/v2\/types\/post"}],"author":[{"embeddable":true,"href":"https:\/\/www.tedom.com\/pl\/wp-json\/wp\/v2\/users\/4"}],"replies":[{"embeddable":true,"href":"https:\/\/www.tedom.com\/pl\/wp-json\/wp\/v2\/comments?post=11482"}],"version-history":[{"count":4,"href":"https:\/\/www.tedom.com\/pl\/wp-json\/wp\/v2\/posts\/11482\/revisions"}],"predecessor-version":[{"id":11548,"href":"https:\/\/www.tedom.com\/pl\/wp-json\/wp\/v2\/posts\/11482\/revisions\/11548"}],"wp:featuredmedia":[{"embeddable":true,"href":"https:\/\/www.tedom.com\/pl\/wp-json\/wp\/v2\/media\/6178"}],"wp:attachment":[{"href":"https:\/\/www.tedom.com\/pl\/wp-json\/wp\/v2\/media?parent=11482"}],"wp:term":[{"taxonomy":"category","embeddable":true,"href":"https:\/\/www.tedom.com\/pl\/wp-json\/wp\/v2\/categories?post=11482"},{"taxonomy":"post_tag","embeddable":true,"href":"https:\/\/www.tedom.com\/pl\/wp-json\/wp\/v2\/tags?post=11482"}],"curies":[{"name":"wp","href":"https:\/\/api.w.org\/{rel}","templated":true}]}}