{"id":2735,"date":"2023-07-12T08:43:22","date_gmt":"2023-07-12T06:43:22","guid":{"rendered":"https:\/\/www.tedom.com\/kogeneracni-jednotka-tedom-quanto-1000-snizi-naklady-na-vytapeni-v-ceskem-tesine\/"},"modified":"2023-11-21T12:00:18","modified_gmt":"2023-11-21T11:00:18","slug":"kogeneracni-jednotka-tedom-quanto-1000-snizi-naklady-na-vytapeni-v-ceskem-tesine","status":"publish","type":"post","link":"https:\/\/www.tedom.com\/cs\/kogeneracni-jednotka-tedom-quanto-1000-snizi-naklady-na-vytapeni-v-ceskem-tesine\/","title":{"rendered":"Kogenera\u010dn\u00ed jednotka TEDOM Quanto 1000 sn\u00ed\u017e\u00ed n\u00e1klady na vyt\u00e1p\u011bn\u00ed v \u010cesk\u00e9m T\u011b\u0161\u00edn\u011b"},"content":{"rendered":"<div class=\"text-content\">\n<div class=\"text-body\">\n<div class=\"text\">V \u010dervnu 2023 jsme spole\u010dnosti Teplo T\u011b\u0161\u00edn a.s. dodali kogenera\u010dn\u00ed jednotku TEDOM Quanto 1000 na zemn\u00ed plyn o elektrick\u00e9m v\u00fdkonu 1 MW. Pr\u00e1v\u011b te\u010f prob\u00edh\u00e1 jej\u00ed instalace a dal\u0161\u00ed p\u0159\u00edpravn\u00e9 pr\u00e1ce na s\u00eddli\u0161ti Hrabinsk\u00e1 ve m\u011bst\u011b \u010cesk\u00fd T\u011b\u0161\u00edn. Hlavn\u00edm c\u00edlem t\u00e9to investice je sn\u00ed\u017een\u00ed n\u00e1klad\u016f spojen\u00fdch s vyt\u00e1p\u011bn\u00edm. Teplo T\u011b\u0161\u00edn a.s. pl\u00e1nuje tuto v\u00fdhodnou cenu tepla postupn\u011b p\u0159in\u00e9st v\u0161em sv\u00fdm odb\u011bratel\u016fm. Zku\u0161ebn\u00ed provoz jednotky je napl\u00e1nov\u00e1n na \u0159\u00edjen 2023.<\/div>\n<\/div>\n<\/div>\n","protected":false},"excerpt":{"rendered":"<p>V \u010dervnu 2023 jsme spole\u010dnosti Teplo T\u011b\u0161\u00edn a.s. dodali kogenera\u010dn\u00ed jednotku TEDOM Quanto 1000 na zemn\u00ed plyn o elektrick\u00e9m v\u00fdkonu 1 MW. Pr\u00e1v\u011b te\u010f prob\u00edh\u00e1 jej\u00ed instalace a dal\u0161\u00ed p\u0159\u00edpravn\u00e9 pr\u00e1ce na s\u00eddli\u0161ti Hrabinsk\u00e1 ve m\u011bst\u011b \u010cesk\u00fd T\u011b\u0161\u00edn. Hlavn\u00edm c\u00edlem t\u00e9to investice je sn\u00ed\u017een\u00ed n\u00e1klad\u016f spojen\u00fdch s vyt\u00e1p\u011bn\u00edm. Teplo T\u011b\u0161\u00edn a.s. pl\u00e1nuje tuto v\u00fdhodnou cenu [&hellip;]<\/p>\n","protected":false},"author":4,"featured_media":2736,"comment_status":"closed","ping_status":"open","sticky":false,"template":"","format":"standard","meta":{"_acf_changed":false,"footnotes":""},"categories":[63],"tags":[66,93,107],"class_list":["post-2735","post","type-post","status-publish","format-standard","has-post-thumbnail","hentry","category-novinky","tag-zemni-plyn","tag-quanto","tag-kotelna"],"acf":[],"yoast_head":"<!-- This site is optimized with the Yoast SEO Premium plugin v24.6 (Yoast SEO v26.4) - https:\/\/yoast.com\/wordpress\/plugins\/seo\/ -->\n<title>Kogenera\u010dn\u00ed jednotka TEDOM Quanto 1000 sn\u00ed\u017e\u00ed n\u00e1klady na vyt\u00e1p\u011bn\u00ed v \u010cesk\u00e9m T\u011b\u0161\u00edn\u011b &#8211; TEDOM<\/title>\n<meta name=\"robots\" content=\"index, follow, max-snippet:-1, max-image-preview:large, max-video-preview:-1\" \/>\n<link rel=\"canonical\" href=\"https:\/\/www.tedom.com\/cs\/kogeneracni-jednotka-tedom-quanto-1000-snizi-naklady-na-vytapeni-v-ceskem-tesine\/\" \/>\n<meta property=\"og:locale\" content=\"cs_CZ\" \/>\n<meta property=\"og:type\" content=\"article\" \/>\n<meta property=\"og:title\" content=\"Kogenera\u010dn\u00ed jednotka TEDOM Quanto 1000 sn\u00ed\u017e\u00ed n\u00e1klady na vyt\u00e1p\u011bn\u00ed v \u010cesk\u00e9m T\u011b\u0161\u00edn\u011b &#8211; TEDOM\" \/>\n<meta property=\"og:description\" content=\"V \u010dervnu 2023 jsme spole\u010dnosti Teplo T\u011b\u0161\u00edn a.s. dodali kogenera\u010dn\u00ed jednotku TEDOM Quanto 1000 na zemn\u00ed plyn o elektrick\u00e9m v\u00fdkonu 1 MW. Pr\u00e1v\u011b te\u010f prob\u00edh\u00e1 jej\u00ed instalace a dal\u0161\u00ed p\u0159\u00edpravn\u00e9 pr\u00e1ce na s\u00eddli\u0161ti Hrabinsk\u00e1 ve m\u011bst\u011b \u010cesk\u00fd T\u011b\u0161\u00edn. Hlavn\u00edm c\u00edlem t\u00e9to investice je sn\u00ed\u017een\u00ed n\u00e1klad\u016f spojen\u00fdch s vyt\u00e1p\u011bn\u00edm. Teplo T\u011b\u0161\u00edn a.s. pl\u00e1nuje tuto v\u00fdhodnou cenu [&hellip;]\" \/>\n<meta property=\"og:url\" content=\"https:\/\/www.tedom.com\/cs\/kogeneracni-jednotka-tedom-quanto-1000-snizi-naklady-na-vytapeni-v-ceskem-tesine\/\" \/>\n<meta property=\"og:site_name\" content=\"TEDOM\" \/>\n<meta property=\"article:publisher\" content=\"https:\/\/www.facebook.com\/tedom.cz\/\" \/>\n<meta property=\"article:published_time\" content=\"2023-07-12T06:43:22+00:00\" \/>\n<meta property=\"article:modified_time\" content=\"2023-11-21T11:00:18+00:00\" \/>\n<meta property=\"og:image\" content=\"https:\/\/www.tedom.com\/wp-content\/uploads\/2023\/10\/TEDOM-Quanto-v-kontejneru-1.jpg\" \/>\n\t<meta property=\"og:image:width\" content=\"2048\" \/>\n\t<meta property=\"og:image:height\" content=\"1024\" \/>\n\t<meta property=\"og:image:type\" content=\"image\/jpeg\" \/>\n<meta name=\"author\" content=\"Roman Kudl\u00e1\u010dek\" \/>\n<meta name=\"twitter:card\" content=\"summary_large_image\" \/>\n<meta name=\"twitter:creator\" content=\"@tedom_chp\" \/>\n<meta name=\"twitter:site\" content=\"@tedom_chp\" \/>\n<meta name=\"twitter:label1\" content=\"Napsal(a)\" \/>\n\t<meta name=\"twitter:data1\" content=\"Roman Kudl\u00e1\u010dek\" \/>\n\t<meta name=\"twitter:label2\" content=\"Odhadovan\u00e1 doba \u010dten\u00ed\" \/>\n\t<meta name=\"twitter:data2\" content=\"1 minuta\" \/>\n<script type=\"application\/ld+json\" class=\"yoast-schema-graph\">{\"@context\":\"https:\/\/schema.org\",\"@graph\":[{\"@type\":\"Article\",\"@id\":\"https:\/\/www.tedom.com\/cs\/kogeneracni-jednotka-tedom-quanto-1000-snizi-naklady-na-vytapeni-v-ceskem-tesine\/#article\",\"isPartOf\":{\"@id\":\"https:\/\/www.tedom.com\/cs\/kogeneracni-jednotka-tedom-quanto-1000-snizi-naklady-na-vytapeni-v-ceskem-tesine\/\"},\"author\":{\"name\":\"Roman Kudl\u00e1\u010dek\",\"@id\":\"https:\/\/www.tedom.com\/cs\/#\/schema\/person\/913f948e1517f7a5637e803633e1a405\"},\"headline\":\"Kogenera\u010dn\u00ed jednotka TEDOM Quanto 1000 sn\u00ed\u017e\u00ed n\u00e1klady na vyt\u00e1p\u011bn\u00ed v \u010cesk\u00e9m T\u011b\u0161\u00edn\u011b\",\"datePublished\":\"2023-07-12T06:43:22+00:00\",\"dateModified\":\"2023-11-21T11:00:18+00:00\",\"mainEntityOfPage\":{\"@id\":\"https:\/\/www.tedom.com\/cs\/kogeneracni-jednotka-tedom-quanto-1000-snizi-naklady-na-vytapeni-v-ceskem-tesine\/\"},\"wordCount\":118,\"publisher\":{\"@id\":\"https:\/\/www.tedom.com\/cs\/#organization\"},\"image\":{\"@id\":\"https:\/\/www.tedom.com\/cs\/kogeneracni-jednotka-tedom-quanto-1000-snizi-naklady-na-vytapeni-v-ceskem-tesine\/#primaryimage\"},\"thumbnailUrl\":\"https:\/\/www.tedom.com\/wp-content\/uploads\/2023\/10\/TEDOM-Quanto-v-kontejneru-1.jpg\",\"keywords\":[\"zemn\u00ed plyn\",\"quanto\",\"kotelna\"],\"articleSection\":[\"Novinky\"],\"inLanguage\":\"cs\"},{\"@type\":\"WebPage\",\"@id\":\"https:\/\/www.tedom.com\/cs\/kogeneracni-jednotka-tedom-quanto-1000-snizi-naklady-na-vytapeni-v-ceskem-tesine\/\",\"url\":\"https:\/\/www.tedom.com\/cs\/kogeneracni-jednotka-tedom-quanto-1000-snizi-naklady-na-vytapeni-v-ceskem-tesine\/\",\"name\":\"Kogenera\u010dn\u00ed jednotka TEDOM Quanto 1000 sn\u00ed\u017e\u00ed n\u00e1klady na vyt\u00e1p\u011bn\u00ed v \u010cesk\u00e9m T\u011b\u0161\u00edn\u011b &#8211; TEDOM\",\"isPartOf\":{\"@id\":\"https:\/\/www.tedom.com\/cs\/#website\"},\"primaryImageOfPage\":{\"@id\":\"https:\/\/www.tedom.com\/cs\/kogeneracni-jednotka-tedom-quanto-1000-snizi-naklady-na-vytapeni-v-ceskem-tesine\/#primaryimage\"},\"image\":{\"@id\":\"https:\/\/www.tedom.com\/cs\/kogeneracni-jednotka-tedom-quanto-1000-snizi-naklady-na-vytapeni-v-ceskem-tesine\/#primaryimage\"},\"thumbnailUrl\":\"https:\/\/www.tedom.com\/wp-content\/uploads\/2023\/10\/TEDOM-Quanto-v-kontejneru-1.jpg\",\"datePublished\":\"2023-07-12T06:43:22+00:00\",\"dateModified\":\"2023-11-21T11:00:18+00:00\",\"breadcrumb\":{\"@id\":\"https:\/\/www.tedom.com\/cs\/kogeneracni-jednotka-tedom-quanto-1000-snizi-naklady-na-vytapeni-v-ceskem-tesine\/#breadcrumb\"},\"inLanguage\":\"cs\",\"potentialAction\":[{\"@type\":\"ReadAction\",\"target\":[\"https:\/\/www.tedom.com\/cs\/kogeneracni-jednotka-tedom-quanto-1000-snizi-naklady-na-vytapeni-v-ceskem-tesine\/\"]}]},{\"@type\":\"ImageObject\",\"inLanguage\":\"cs\",\"@id\":\"https:\/\/www.tedom.com\/cs\/kogeneracni-jednotka-tedom-quanto-1000-snizi-naklady-na-vytapeni-v-ceskem-tesine\/#primaryimage\",\"url\":\"https:\/\/www.tedom.com\/wp-content\/uploads\/2023\/10\/TEDOM-Quanto-v-kontejneru-1.jpg\",\"contentUrl\":\"https:\/\/www.tedom.com\/wp-content\/uploads\/2023\/10\/TEDOM-Quanto-v-kontejneru-1.jpg\",\"width\":2048,\"height\":1024},{\"@type\":\"BreadcrumbList\",\"@id\":\"https:\/\/www.tedom.com\/cs\/kogeneracni-jednotka-tedom-quanto-1000-snizi-naklady-na-vytapeni-v-ceskem-tesine\/#breadcrumb\",\"itemListElement\":[{\"@type\":\"ListItem\",\"position\":1,\"name\":\"Home\",\"item\":\"https:\/\/www.tedom.com\/cs\/\"},{\"@type\":\"ListItem\",\"position\":2,\"name\":\"Kogenera\u010dn\u00ed jednotka TEDOM Quanto 1000 sn\u00ed\u017e\u00ed n\u00e1klady na vyt\u00e1p\u011bn\u00ed v \u010cesk\u00e9m T\u011b\u0161\u00edn\u011b\"}]},{\"@type\":\"WebSite\",\"@id\":\"https:\/\/www.tedom.com\/cs\/#website\",\"url\":\"https:\/\/www.tedom.com\/cs\/\",\"name\":\"TEDOM\",\"description\":\"TEDOM se zab\u00fdv\u00e1 v\u00fdrobou kogenera\u010dn\u00edch jednotek, instalac\u00ed fotovoltaiky a poskytov\u00e1n\u00edm komplexn\u00edch slu\u017eeb pro modern\u00ed decentr\u00e1ln\u00ed energetiku.\",\"publisher\":{\"@id\":\"https:\/\/www.tedom.com\/cs\/#organization\"},\"potentialAction\":[{\"@type\":\"SearchAction\",\"target\":{\"@type\":\"EntryPoint\",\"urlTemplate\":\"https:\/\/www.tedom.com\/cs\/?s={search_term_string}\"},\"query-input\":{\"@type\":\"PropertyValueSpecification\",\"valueRequired\":true,\"valueName\":\"search_term_string\"}}],\"inLanguage\":\"cs\"},{\"@type\":\"Organization\",\"@id\":\"https:\/\/www.tedom.com\/cs\/#organization\",\"name\":\"TEDOM a. s.\",\"url\":\"https:\/\/www.tedom.com\/cs\/\",\"logo\":{\"@type\":\"ImageObject\",\"inLanguage\":\"cs\",\"@id\":\"https:\/\/www.tedom.com\/cs\/#\/schema\/logo\/image\/\",\"url\":\"https:\/\/www.tedom.com\/wp-content\/uploads\/2023\/11\/TEDOM_logotype_RGB-scaled.jpg\",\"contentUrl\":\"https:\/\/www.tedom.com\/wp-content\/uploads\/2023\/11\/TEDOM_logotype_RGB-scaled.jpg\",\"width\":2560,\"height\":654,\"caption\":\"TEDOM a. s.\"},\"image\":{\"@id\":\"https:\/\/www.tedom.com\/cs\/#\/schema\/logo\/image\/\"},\"sameAs\":[\"https:\/\/www.facebook.com\/tedom.cz\/\",\"https:\/\/x.com\/tedom_chp\",\"https:\/\/www.instagram.com\/tedom_a.s\/\",\"https:\/\/www.youtube.com\/channel\/UCEqr6fHr02vxVRVF_xtKZ2w\",\"https:\/\/www.linkedin.com\/company\/tedom-a-s-?originalSubdomain=cz\"]},{\"@type\":\"Person\",\"@id\":\"https:\/\/www.tedom.com\/cs\/#\/schema\/person\/913f948e1517f7a5637e803633e1a405\",\"name\":\"Roman Kudl\u00e1\u010dek\",\"image\":{\"@type\":\"ImageObject\",\"inLanguage\":\"cs\",\"@id\":\"https:\/\/www.tedom.com\/cs\/#\/schema\/person\/image\/\",\"url\":\"https:\/\/secure.gravatar.com\/avatar\/e6cbe07a24976daf01748ab3623d9f38ccf367a3e9cd4c16a07913449db8cb24?s=96&d=mm&r=g\",\"contentUrl\":\"https:\/\/secure.gravatar.com\/avatar\/e6cbe07a24976daf01748ab3623d9f38ccf367a3e9cd4c16a07913449db8cb24?s=96&d=mm&r=g\",\"caption\":\"Roman Kudl\u00e1\u010dek\"},\"url\":\"https:\/\/www.tedom.com\/cs\/author\/kudlacek\/\"}]}<\/script>\n<!-- \/ Yoast SEO Premium plugin. -->","yoast_head_json":{"title":"Kogenera\u010dn\u00ed jednotka TEDOM Quanto 1000 sn\u00ed\u017e\u00ed n\u00e1klady na vyt\u00e1p\u011bn\u00ed v \u010cesk\u00e9m T\u011b\u0161\u00edn\u011b &#8211; TEDOM","robots":{"index":"index","follow":"follow","max-snippet":"max-snippet:-1","max-image-preview":"max-image-preview:large","max-video-preview":"max-video-preview:-1"},"canonical":"https:\/\/www.tedom.com\/cs\/kogeneracni-jednotka-tedom-quanto-1000-snizi-naklady-na-vytapeni-v-ceskem-tesine\/","og_locale":"cs_CZ","og_type":"article","og_title":"Kogenera\u010dn\u00ed jednotka TEDOM Quanto 1000 sn\u00ed\u017e\u00ed n\u00e1klady na vyt\u00e1p\u011bn\u00ed v \u010cesk\u00e9m T\u011b\u0161\u00edn\u011b &#8211; TEDOM","og_description":"V \u010dervnu 2023 jsme spole\u010dnosti Teplo T\u011b\u0161\u00edn a.s. dodali kogenera\u010dn\u00ed jednotku TEDOM Quanto 1000 na zemn\u00ed plyn o elektrick\u00e9m v\u00fdkonu 1 MW. Pr\u00e1v\u011b te\u010f prob\u00edh\u00e1 jej\u00ed instalace a dal\u0161\u00ed p\u0159\u00edpravn\u00e9 pr\u00e1ce na s\u00eddli\u0161ti Hrabinsk\u00e1 ve m\u011bst\u011b \u010cesk\u00fd T\u011b\u0161\u00edn. Hlavn\u00edm c\u00edlem t\u00e9to investice je sn\u00ed\u017een\u00ed n\u00e1klad\u016f spojen\u00fdch s vyt\u00e1p\u011bn\u00edm. Teplo T\u011b\u0161\u00edn a.s. pl\u00e1nuje tuto v\u00fdhodnou cenu [&hellip;]","og_url":"https:\/\/www.tedom.com\/cs\/kogeneracni-jednotka-tedom-quanto-1000-snizi-naklady-na-vytapeni-v-ceskem-tesine\/","og_site_name":"TEDOM","article_publisher":"https:\/\/www.facebook.com\/tedom.cz\/","article_published_time":"2023-07-12T06:43:22+00:00","article_modified_time":"2023-11-21T11:00:18+00:00","og_image":[{"width":2048,"height":1024,"url":"https:\/\/www.tedom.com\/wp-content\/uploads\/2023\/10\/TEDOM-Quanto-v-kontejneru-1.jpg","type":"image\/jpeg"}],"author":"Roman Kudl\u00e1\u010dek","twitter_card":"summary_large_image","twitter_creator":"@tedom_chp","twitter_site":"@tedom_chp","twitter_misc":{"Napsal(a)":"Roman Kudl\u00e1\u010dek","Odhadovan\u00e1 doba \u010dten\u00ed":"1 minuta"},"schema":{"@context":"https:\/\/schema.org","@graph":[{"@type":"Article","@id":"https:\/\/www.tedom.com\/cs\/kogeneracni-jednotka-tedom-quanto-1000-snizi-naklady-na-vytapeni-v-ceskem-tesine\/#article","isPartOf":{"@id":"https:\/\/www.tedom.com\/cs\/kogeneracni-jednotka-tedom-quanto-1000-snizi-naklady-na-vytapeni-v-ceskem-tesine\/"},"author":{"name":"Roman Kudl\u00e1\u010dek","@id":"https:\/\/www.tedom.com\/cs\/#\/schema\/person\/913f948e1517f7a5637e803633e1a405"},"headline":"Kogenera\u010dn\u00ed jednotka TEDOM Quanto 1000 sn\u00ed\u017e\u00ed n\u00e1klady na vyt\u00e1p\u011bn\u00ed v \u010cesk\u00e9m T\u011b\u0161\u00edn\u011b","datePublished":"2023-07-12T06:43:22+00:00","dateModified":"2023-11-21T11:00:18+00:00","mainEntityOfPage":{"@id":"https:\/\/www.tedom.com\/cs\/kogeneracni-jednotka-tedom-quanto-1000-snizi-naklady-na-vytapeni-v-ceskem-tesine\/"},"wordCount":118,"publisher":{"@id":"https:\/\/www.tedom.com\/cs\/#organization"},"image":{"@id":"https:\/\/www.tedom.com\/cs\/kogeneracni-jednotka-tedom-quanto-1000-snizi-naklady-na-vytapeni-v-ceskem-tesine\/#primaryimage"},"thumbnailUrl":"https:\/\/www.tedom.com\/wp-content\/uploads\/2023\/10\/TEDOM-Quanto-v-kontejneru-1.jpg","keywords":["zemn\u00ed plyn","quanto","kotelna"],"articleSection":["Novinky"],"inLanguage":"cs"},{"@type":"WebPage","@id":"https:\/\/www.tedom.com\/cs\/kogeneracni-jednotka-tedom-quanto-1000-snizi-naklady-na-vytapeni-v-ceskem-tesine\/","url":"https:\/\/www.tedom.com\/cs\/kogeneracni-jednotka-tedom-quanto-1000-snizi-naklady-na-vytapeni-v-ceskem-tesine\/","name":"Kogenera\u010dn\u00ed jednotka TEDOM Quanto 1000 sn\u00ed\u017e\u00ed n\u00e1klady na vyt\u00e1p\u011bn\u00ed v \u010cesk\u00e9m T\u011b\u0161\u00edn\u011b &#8211; TEDOM","isPartOf":{"@id":"https:\/\/www.tedom.com\/cs\/#website"},"primaryImageOfPage":{"@id":"https:\/\/www.tedom.com\/cs\/kogeneracni-jednotka-tedom-quanto-1000-snizi-naklady-na-vytapeni-v-ceskem-tesine\/#primaryimage"},"image":{"@id":"https:\/\/www.tedom.com\/cs\/kogeneracni-jednotka-tedom-quanto-1000-snizi-naklady-na-vytapeni-v-ceskem-tesine\/#primaryimage"},"thumbnailUrl":"https:\/\/www.tedom.com\/wp-content\/uploads\/2023\/10\/TEDOM-Quanto-v-kontejneru-1.jpg","datePublished":"2023-07-12T06:43:22+00:00","dateModified":"2023-11-21T11:00:18+00:00","breadcrumb":{"@id":"https:\/\/www.tedom.com\/cs\/kogeneracni-jednotka-tedom-quanto-1000-snizi-naklady-na-vytapeni-v-ceskem-tesine\/#breadcrumb"},"inLanguage":"cs","potentialAction":[{"@type":"ReadAction","target":["https:\/\/www.tedom.com\/cs\/kogeneracni-jednotka-tedom-quanto-1000-snizi-naklady-na-vytapeni-v-ceskem-tesine\/"]}]},{"@type":"ImageObject","inLanguage":"cs","@id":"https:\/\/www.tedom.com\/cs\/kogeneracni-jednotka-tedom-quanto-1000-snizi-naklady-na-vytapeni-v-ceskem-tesine\/#primaryimage","url":"https:\/\/www.tedom.com\/wp-content\/uploads\/2023\/10\/TEDOM-Quanto-v-kontejneru-1.jpg","contentUrl":"https:\/\/www.tedom.com\/wp-content\/uploads\/2023\/10\/TEDOM-Quanto-v-kontejneru-1.jpg","width":2048,"height":1024},{"@type":"BreadcrumbList","@id":"https:\/\/www.tedom.com\/cs\/kogeneracni-jednotka-tedom-quanto-1000-snizi-naklady-na-vytapeni-v-ceskem-tesine\/#breadcrumb","itemListElement":[{"@type":"ListItem","position":1,"name":"Home","item":"https:\/\/www.tedom.com\/cs\/"},{"@type":"ListItem","position":2,"name":"Kogenera\u010dn\u00ed jednotka TEDOM Quanto 1000 sn\u00ed\u017e\u00ed n\u00e1klady na vyt\u00e1p\u011bn\u00ed v \u010cesk\u00e9m T\u011b\u0161\u00edn\u011b"}]},{"@type":"WebSite","@id":"https:\/\/www.tedom.com\/cs\/#website","url":"https:\/\/www.tedom.com\/cs\/","name":"TEDOM","description":"TEDOM se zab\u00fdv\u00e1 v\u00fdrobou kogenera\u010dn\u00edch jednotek, instalac\u00ed fotovoltaiky a poskytov\u00e1n\u00edm komplexn\u00edch slu\u017eeb pro modern\u00ed decentr\u00e1ln\u00ed energetiku.","publisher":{"@id":"https:\/\/www.tedom.com\/cs\/#organization"},"potentialAction":[{"@type":"SearchAction","target":{"@type":"EntryPoint","urlTemplate":"https:\/\/www.tedom.com\/cs\/?s={search_term_string}"},"query-input":{"@type":"PropertyValueSpecification","valueRequired":true,"valueName":"search_term_string"}}],"inLanguage":"cs"},{"@type":"Organization","@id":"https:\/\/www.tedom.com\/cs\/#organization","name":"TEDOM a. s.","url":"https:\/\/www.tedom.com\/cs\/","logo":{"@type":"ImageObject","inLanguage":"cs","@id":"https:\/\/www.tedom.com\/cs\/#\/schema\/logo\/image\/","url":"https:\/\/www.tedom.com\/wp-content\/uploads\/2023\/11\/TEDOM_logotype_RGB-scaled.jpg","contentUrl":"https:\/\/www.tedom.com\/wp-content\/uploads\/2023\/11\/TEDOM_logotype_RGB-scaled.jpg","width":2560,"height":654,"caption":"TEDOM a. s."},"image":{"@id":"https:\/\/www.tedom.com\/cs\/#\/schema\/logo\/image\/"},"sameAs":["https:\/\/www.facebook.com\/tedom.cz\/","https:\/\/x.com\/tedom_chp","https:\/\/www.instagram.com\/tedom_a.s\/","https:\/\/www.youtube.com\/channel\/UCEqr6fHr02vxVRVF_xtKZ2w","https:\/\/www.linkedin.com\/company\/tedom-a-s-?originalSubdomain=cz"]},{"@type":"Person","@id":"https:\/\/www.tedom.com\/cs\/#\/schema\/person\/913f948e1517f7a5637e803633e1a405","name":"Roman Kudl\u00e1\u010dek","image":{"@type":"ImageObject","inLanguage":"cs","@id":"https:\/\/www.tedom.com\/cs\/#\/schema\/person\/image\/","url":"https:\/\/secure.gravatar.com\/avatar\/e6cbe07a24976daf01748ab3623d9f38ccf367a3e9cd4c16a07913449db8cb24?s=96&d=mm&r=g","contentUrl":"https:\/\/secure.gravatar.com\/avatar\/e6cbe07a24976daf01748ab3623d9f38ccf367a3e9cd4c16a07913449db8cb24?s=96&d=mm&r=g","caption":"Roman Kudl\u00e1\u010dek"},"url":"https:\/\/www.tedom.com\/cs\/author\/kudlacek\/"}]}},"_links":{"self":[{"href":"https:\/\/www.tedom.com\/cs\/wp-json\/wp\/v2\/posts\/2735","targetHints":{"allow":["GET"]}}],"collection":[{"href":"https:\/\/www.tedom.com\/cs\/wp-json\/wp\/v2\/posts"}],"about":[{"href":"https:\/\/www.tedom.com\/cs\/wp-json\/wp\/v2\/types\/post"}],"author":[{"embeddable":true,"href":"https:\/\/www.tedom.com\/cs\/wp-json\/wp\/v2\/users\/4"}],"replies":[{"embeddable":true,"href":"https:\/\/www.tedom.com\/cs\/wp-json\/wp\/v2\/comments?post=2735"}],"version-history":[{"count":0,"href":"https:\/\/www.tedom.com\/cs\/wp-json\/wp\/v2\/posts\/2735\/revisions"}],"wp:featuredmedia":[{"embeddable":true,"href":"https:\/\/www.tedom.com\/cs\/wp-json\/wp\/v2\/media\/2736"}],"wp:attachment":[{"href":"https:\/\/www.tedom.com\/cs\/wp-json\/wp\/v2\/media?parent=2735"}],"wp:term":[{"taxonomy":"category","embeddable":true,"href":"https:\/\/www.tedom.com\/cs\/wp-json\/wp\/v2\/categories?post=2735"},{"taxonomy":"post_tag","embeddable":true,"href":"https:\/\/www.tedom.com\/cs\/wp-json\/wp\/v2\/tags?post=2735"}],"curies":[{"name":"wp","href":"https:\/\/api.w.org\/{rel}","templated":true}]}}