{"id":26897,"date":"2026-04-28T11:43:50","date_gmt":"2026-04-28T09:43:50","guid":{"rendered":"https:\/\/www.tedom.com\/?p=26897"},"modified":"2026-04-28T11:43:50","modified_gmt":"2026-04-28T09:43:50","slug":"tedom-podporuje-jablonecke-fotbalove-talenty","status":"publish","type":"post","link":"https:\/\/www.tedom.com\/cs\/tedom-podporuje-jablonecke-fotbalove-talenty\/","title":{"rendered":"TEDOM podporuje jabloneck\u00e9 fotbalov\u00e9 talenty"},"content":{"rendered":"<p>V\u00a0Jablonci nevznikaj\u00ed jenom motory do kogenera\u010dn\u00edch jednotek TEDOM, ale vyr\u016fstaj\u00ed tu i budouc\u00ed fotbalov\u00e9 nad\u011bje. I proto se TEDOM stal partnerem ml\u00e1de\u017enick\u00e9 akademie FK Jablonec.<\/p>\n","protected":false},"excerpt":{"rendered":"<p>V\u00a0Jablonci nevznikaj\u00ed jenom motory do kogenera\u010dn\u00edch jednotek TEDOM, ale vyr\u016fstaj\u00ed tu i budouc\u00ed fotbalov\u00e9 nad\u011bje. I proto se TEDOM stal partnerem ml\u00e1de\u017enick\u00e9 akademie FK Jablonec.<\/p>\n","protected":false},"author":7,"featured_media":26899,"comment_status":"closed","ping_status":"closed","sticky":false,"template":"","format":"standard","meta":{"_acf_changed":false,"footnotes":""},"categories":[63],"tags":[],"class_list":["post-26897","post","type-post","status-publish","format-standard","has-post-thumbnail","hentry","category-novinky"],"acf":[],"yoast_head":"<!-- This site is optimized with the Yoast SEO Premium plugin v24.6 (Yoast SEO v26.4) - https:\/\/yoast.com\/wordpress\/plugins\/seo\/ -->\n<title>TEDOM podporuje jabloneck\u00e9 fotbalov\u00e9 talenty &#8211; TEDOM<\/title>\n<meta name=\"robots\" content=\"index, follow, max-snippet:-1, max-image-preview:large, max-video-preview:-1\" \/>\n<link rel=\"canonical\" href=\"https:\/\/www.tedom.com\/cs\/tedom-podporuje-jablonecke-fotbalove-talenty\/\" \/>\n<meta property=\"og:locale\" content=\"cs_CZ\" \/>\n<meta property=\"og:type\" content=\"article\" \/>\n<meta property=\"og:title\" content=\"TEDOM podporuje jabloneck\u00e9 fotbalov\u00e9 talenty &#8211; TEDOM\" \/>\n<meta property=\"og:description\" content=\"V\u00a0Jablonci nevznikaj\u00ed jenom motory do kogenera\u010dn\u00edch jednotek TEDOM, ale vyr\u016fstaj\u00ed tu i budouc\u00ed fotbalov\u00e9 nad\u011bje. I proto se TEDOM stal partnerem ml\u00e1de\u017enick\u00e9 akademie FK Jablonec.\" \/>\n<meta property=\"og:url\" content=\"https:\/\/www.tedom.com\/cs\/tedom-podporuje-jablonecke-fotbalove-talenty\/\" \/>\n<meta property=\"og:site_name\" content=\"TEDOM\" \/>\n<meta property=\"article:publisher\" content=\"https:\/\/www.facebook.com\/tedom.cz\/\" \/>\n<meta property=\"article:published_time\" content=\"2026-04-28T09:43:50+00:00\" \/>\n<meta property=\"og:image\" content=\"https:\/\/www.tedom.com\/wp-content\/uploads\/2026\/04\/jbc-fotbal.jpg\" \/>\n\t<meta property=\"og:image:width\" content=\"2081\" \/>\n\t<meta property=\"og:image:height\" content=\"1308\" \/>\n\t<meta property=\"og:image:type\" content=\"image\/jpeg\" \/>\n<meta name=\"author\" content=\"Tom\u00e1\u0161 Boudn\u00fd\" \/>\n<meta name=\"twitter:card\" content=\"summary_large_image\" \/>\n<meta name=\"twitter:creator\" content=\"@tedom_chp\" \/>\n<meta name=\"twitter:site\" content=\"@tedom_chp\" \/>\n<meta name=\"twitter:label1\" content=\"Napsal(a)\" \/>\n\t<meta name=\"twitter:data1\" content=\"Tom\u00e1\u0161 Boudn\u00fd\" \/>\n\t<meta name=\"twitter:label2\" content=\"Odhadovan\u00e1 doba \u010dten\u00ed\" \/>\n\t<meta name=\"twitter:data2\" content=\"1 minuta\" \/>\n<script type=\"application\/ld+json\" class=\"yoast-schema-graph\">{\"@context\":\"https:\/\/schema.org\",\"@graph\":[{\"@type\":\"Article\",\"@id\":\"https:\/\/www.tedom.com\/cs\/tedom-podporuje-jablonecke-fotbalove-talenty\/#article\",\"isPartOf\":{\"@id\":\"https:\/\/www.tedom.com\/cs\/tedom-podporuje-jablonecke-fotbalove-talenty\/\"},\"author\":{\"name\":\"Tom\u00e1\u0161 Boudn\u00fd\",\"@id\":\"https:\/\/www.tedom.com\/cs\/#\/schema\/person\/2f20db7339e5bd26a9db1628fcc8a368\"},\"headline\":\"TEDOM podporuje jabloneck\u00e9 fotbalov\u00e9 talenty\",\"datePublished\":\"2026-04-28T09:43:50+00:00\",\"mainEntityOfPage\":{\"@id\":\"https:\/\/www.tedom.com\/cs\/tedom-podporuje-jablonecke-fotbalove-talenty\/\"},\"wordCount\":37,\"publisher\":{\"@id\":\"https:\/\/www.tedom.com\/cs\/#organization\"},\"image\":{\"@id\":\"https:\/\/www.tedom.com\/cs\/tedom-podporuje-jablonecke-fotbalove-talenty\/#primaryimage\"},\"thumbnailUrl\":\"https:\/\/www.tedom.com\/wp-content\/uploads\/2026\/04\/jbc-fotbal.jpg\",\"articleSection\":[\"Novinky\"],\"inLanguage\":\"cs\"},{\"@type\":\"WebPage\",\"@id\":\"https:\/\/www.tedom.com\/cs\/tedom-podporuje-jablonecke-fotbalove-talenty\/\",\"url\":\"https:\/\/www.tedom.com\/cs\/tedom-podporuje-jablonecke-fotbalove-talenty\/\",\"name\":\"TEDOM podporuje jabloneck\u00e9 fotbalov\u00e9 talenty &#8211; TEDOM\",\"isPartOf\":{\"@id\":\"https:\/\/www.tedom.com\/cs\/#website\"},\"primaryImageOfPage\":{\"@id\":\"https:\/\/www.tedom.com\/cs\/tedom-podporuje-jablonecke-fotbalove-talenty\/#primaryimage\"},\"image\":{\"@id\":\"https:\/\/www.tedom.com\/cs\/tedom-podporuje-jablonecke-fotbalove-talenty\/#primaryimage\"},\"thumbnailUrl\":\"https:\/\/www.tedom.com\/wp-content\/uploads\/2026\/04\/jbc-fotbal.jpg\",\"datePublished\":\"2026-04-28T09:43:50+00:00\",\"breadcrumb\":{\"@id\":\"https:\/\/www.tedom.com\/cs\/tedom-podporuje-jablonecke-fotbalove-talenty\/#breadcrumb\"},\"inLanguage\":\"cs\",\"potentialAction\":[{\"@type\":\"ReadAction\",\"target\":[\"https:\/\/www.tedom.com\/cs\/tedom-podporuje-jablonecke-fotbalove-talenty\/\"]}]},{\"@type\":\"ImageObject\",\"inLanguage\":\"cs\",\"@id\":\"https:\/\/www.tedom.com\/cs\/tedom-podporuje-jablonecke-fotbalove-talenty\/#primaryimage\",\"url\":\"https:\/\/www.tedom.com\/wp-content\/uploads\/2026\/04\/jbc-fotbal.jpg\",\"contentUrl\":\"https:\/\/www.tedom.com\/wp-content\/uploads\/2026\/04\/jbc-fotbal.jpg\",\"width\":2081,\"height\":1308},{\"@type\":\"BreadcrumbList\",\"@id\":\"https:\/\/www.tedom.com\/cs\/tedom-podporuje-jablonecke-fotbalove-talenty\/#breadcrumb\",\"itemListElement\":[{\"@type\":\"ListItem\",\"position\":1,\"name\":\"Home\",\"item\":\"https:\/\/www.tedom.com\/cs\/\"},{\"@type\":\"ListItem\",\"position\":2,\"name\":\"TEDOM podporuje jabloneck\u00e9 fotbalov\u00e9 talenty\"}]},{\"@type\":\"WebSite\",\"@id\":\"https:\/\/www.tedom.com\/cs\/#website\",\"url\":\"https:\/\/www.tedom.com\/cs\/\",\"name\":\"TEDOM\",\"description\":\"TEDOM se zab\u00fdv\u00e1 v\u00fdrobou kogenera\u010dn\u00edch jednotek, instalac\u00ed fotovoltaiky a poskytov\u00e1n\u00edm komplexn\u00edch slu\u017eeb pro modern\u00ed decentr\u00e1ln\u00ed energetiku.\",\"publisher\":{\"@id\":\"https:\/\/www.tedom.com\/cs\/#organization\"},\"potentialAction\":[{\"@type\":\"SearchAction\",\"target\":{\"@type\":\"EntryPoint\",\"urlTemplate\":\"https:\/\/www.tedom.com\/cs\/?s={search_term_string}\"},\"query-input\":{\"@type\":\"PropertyValueSpecification\",\"valueRequired\":true,\"valueName\":\"search_term_string\"}}],\"inLanguage\":\"cs\"},{\"@type\":\"Organization\",\"@id\":\"https:\/\/www.tedom.com\/cs\/#organization\",\"name\":\"TEDOM a. s.\",\"url\":\"https:\/\/www.tedom.com\/cs\/\",\"logo\":{\"@type\":\"ImageObject\",\"inLanguage\":\"cs\",\"@id\":\"https:\/\/www.tedom.com\/cs\/#\/schema\/logo\/image\/\",\"url\":\"https:\/\/www.tedom.com\/wp-content\/uploads\/2023\/11\/TEDOM_logotype_RGB-scaled.jpg\",\"contentUrl\":\"https:\/\/www.tedom.com\/wp-content\/uploads\/2023\/11\/TEDOM_logotype_RGB-scaled.jpg\",\"width\":2560,\"height\":654,\"caption\":\"TEDOM a. s.\"},\"image\":{\"@id\":\"https:\/\/www.tedom.com\/cs\/#\/schema\/logo\/image\/\"},\"sameAs\":[\"https:\/\/www.facebook.com\/tedom.cz\/\",\"https:\/\/x.com\/tedom_chp\",\"https:\/\/www.instagram.com\/tedom_a.s\/\",\"https:\/\/www.youtube.com\/channel\/UCEqr6fHr02vxVRVF_xtKZ2w\",\"https:\/\/www.linkedin.com\/company\/tedom-a-s-?originalSubdomain=cz\"]},{\"@type\":\"Person\",\"@id\":\"https:\/\/www.tedom.com\/cs\/#\/schema\/person\/2f20db7339e5bd26a9db1628fcc8a368\",\"name\":\"Tom\u00e1\u0161 Boudn\u00fd\",\"image\":{\"@type\":\"ImageObject\",\"inLanguage\":\"cs\",\"@id\":\"https:\/\/www.tedom.com\/cs\/#\/schema\/person\/image\/\",\"url\":\"https:\/\/secure.gravatar.com\/avatar\/fbc995964195dc1c997212845bd849e4835bd835c346052cc576512a67b5363c?s=96&d=mm&r=g\",\"contentUrl\":\"https:\/\/secure.gravatar.com\/avatar\/fbc995964195dc1c997212845bd849e4835bd835c346052cc576512a67b5363c?s=96&d=mm&r=g\",\"caption\":\"Tom\u00e1\u0161 Boudn\u00fd\"},\"url\":\"https:\/\/www.tedom.com\/cs\/author\/boudny\/\"}]}<\/script>\n<!-- \/ Yoast SEO Premium plugin. -->","yoast_head_json":{"title":"TEDOM podporuje jabloneck\u00e9 fotbalov\u00e9 talenty &#8211; TEDOM","robots":{"index":"index","follow":"follow","max-snippet":"max-snippet:-1","max-image-preview":"max-image-preview:large","max-video-preview":"max-video-preview:-1"},"canonical":"https:\/\/www.tedom.com\/cs\/tedom-podporuje-jablonecke-fotbalove-talenty\/","og_locale":"cs_CZ","og_type":"article","og_title":"TEDOM podporuje jabloneck\u00e9 fotbalov\u00e9 talenty &#8211; TEDOM","og_description":"V\u00a0Jablonci nevznikaj\u00ed jenom motory do kogenera\u010dn\u00edch jednotek TEDOM, ale vyr\u016fstaj\u00ed tu i budouc\u00ed fotbalov\u00e9 nad\u011bje. I proto se TEDOM stal partnerem ml\u00e1de\u017enick\u00e9 akademie FK Jablonec.","og_url":"https:\/\/www.tedom.com\/cs\/tedom-podporuje-jablonecke-fotbalove-talenty\/","og_site_name":"TEDOM","article_publisher":"https:\/\/www.facebook.com\/tedom.cz\/","article_published_time":"2026-04-28T09:43:50+00:00","og_image":[{"width":2081,"height":1308,"url":"https:\/\/www.tedom.com\/wp-content\/uploads\/2026\/04\/jbc-fotbal.jpg","type":"image\/jpeg"}],"author":"Tom\u00e1\u0161 Boudn\u00fd","twitter_card":"summary_large_image","twitter_creator":"@tedom_chp","twitter_site":"@tedom_chp","twitter_misc":{"Napsal(a)":"Tom\u00e1\u0161 Boudn\u00fd","Odhadovan\u00e1 doba \u010dten\u00ed":"1 minuta"},"schema":{"@context":"https:\/\/schema.org","@graph":[{"@type":"Article","@id":"https:\/\/www.tedom.com\/cs\/tedom-podporuje-jablonecke-fotbalove-talenty\/#article","isPartOf":{"@id":"https:\/\/www.tedom.com\/cs\/tedom-podporuje-jablonecke-fotbalove-talenty\/"},"author":{"name":"Tom\u00e1\u0161 Boudn\u00fd","@id":"https:\/\/www.tedom.com\/cs\/#\/schema\/person\/2f20db7339e5bd26a9db1628fcc8a368"},"headline":"TEDOM podporuje jabloneck\u00e9 fotbalov\u00e9 talenty","datePublished":"2026-04-28T09:43:50+00:00","mainEntityOfPage":{"@id":"https:\/\/www.tedom.com\/cs\/tedom-podporuje-jablonecke-fotbalove-talenty\/"},"wordCount":37,"publisher":{"@id":"https:\/\/www.tedom.com\/cs\/#organization"},"image":{"@id":"https:\/\/www.tedom.com\/cs\/tedom-podporuje-jablonecke-fotbalove-talenty\/#primaryimage"},"thumbnailUrl":"https:\/\/www.tedom.com\/wp-content\/uploads\/2026\/04\/jbc-fotbal.jpg","articleSection":["Novinky"],"inLanguage":"cs"},{"@type":"WebPage","@id":"https:\/\/www.tedom.com\/cs\/tedom-podporuje-jablonecke-fotbalove-talenty\/","url":"https:\/\/www.tedom.com\/cs\/tedom-podporuje-jablonecke-fotbalove-talenty\/","name":"TEDOM podporuje jabloneck\u00e9 fotbalov\u00e9 talenty &#8211; TEDOM","isPartOf":{"@id":"https:\/\/www.tedom.com\/cs\/#website"},"primaryImageOfPage":{"@id":"https:\/\/www.tedom.com\/cs\/tedom-podporuje-jablonecke-fotbalove-talenty\/#primaryimage"},"image":{"@id":"https:\/\/www.tedom.com\/cs\/tedom-podporuje-jablonecke-fotbalove-talenty\/#primaryimage"},"thumbnailUrl":"https:\/\/www.tedom.com\/wp-content\/uploads\/2026\/04\/jbc-fotbal.jpg","datePublished":"2026-04-28T09:43:50+00:00","breadcrumb":{"@id":"https:\/\/www.tedom.com\/cs\/tedom-podporuje-jablonecke-fotbalove-talenty\/#breadcrumb"},"inLanguage":"cs","potentialAction":[{"@type":"ReadAction","target":["https:\/\/www.tedom.com\/cs\/tedom-podporuje-jablonecke-fotbalove-talenty\/"]}]},{"@type":"ImageObject","inLanguage":"cs","@id":"https:\/\/www.tedom.com\/cs\/tedom-podporuje-jablonecke-fotbalove-talenty\/#primaryimage","url":"https:\/\/www.tedom.com\/wp-content\/uploads\/2026\/04\/jbc-fotbal.jpg","contentUrl":"https:\/\/www.tedom.com\/wp-content\/uploads\/2026\/04\/jbc-fotbal.jpg","width":2081,"height":1308},{"@type":"BreadcrumbList","@id":"https:\/\/www.tedom.com\/cs\/tedom-podporuje-jablonecke-fotbalove-talenty\/#breadcrumb","itemListElement":[{"@type":"ListItem","position":1,"name":"Home","item":"https:\/\/www.tedom.com\/cs\/"},{"@type":"ListItem","position":2,"name":"TEDOM podporuje jabloneck\u00e9 fotbalov\u00e9 talenty"}]},{"@type":"WebSite","@id":"https:\/\/www.tedom.com\/cs\/#website","url":"https:\/\/www.tedom.com\/cs\/","name":"TEDOM","description":"TEDOM se zab\u00fdv\u00e1 v\u00fdrobou kogenera\u010dn\u00edch jednotek, instalac\u00ed fotovoltaiky a poskytov\u00e1n\u00edm komplexn\u00edch slu\u017eeb pro modern\u00ed decentr\u00e1ln\u00ed energetiku.","publisher":{"@id":"https:\/\/www.tedom.com\/cs\/#organization"},"potentialAction":[{"@type":"SearchAction","target":{"@type":"EntryPoint","urlTemplate":"https:\/\/www.tedom.com\/cs\/?s={search_term_string}"},"query-input":{"@type":"PropertyValueSpecification","valueRequired":true,"valueName":"search_term_string"}}],"inLanguage":"cs"},{"@type":"Organization","@id":"https:\/\/www.tedom.com\/cs\/#organization","name":"TEDOM a. s.","url":"https:\/\/www.tedom.com\/cs\/","logo":{"@type":"ImageObject","inLanguage":"cs","@id":"https:\/\/www.tedom.com\/cs\/#\/schema\/logo\/image\/","url":"https:\/\/www.tedom.com\/wp-content\/uploads\/2023\/11\/TEDOM_logotype_RGB-scaled.jpg","contentUrl":"https:\/\/www.tedom.com\/wp-content\/uploads\/2023\/11\/TEDOM_logotype_RGB-scaled.jpg","width":2560,"height":654,"caption":"TEDOM a. s."},"image":{"@id":"https:\/\/www.tedom.com\/cs\/#\/schema\/logo\/image\/"},"sameAs":["https:\/\/www.facebook.com\/tedom.cz\/","https:\/\/x.com\/tedom_chp","https:\/\/www.instagram.com\/tedom_a.s\/","https:\/\/www.youtube.com\/channel\/UCEqr6fHr02vxVRVF_xtKZ2w","https:\/\/www.linkedin.com\/company\/tedom-a-s-?originalSubdomain=cz"]},{"@type":"Person","@id":"https:\/\/www.tedom.com\/cs\/#\/schema\/person\/2f20db7339e5bd26a9db1628fcc8a368","name":"Tom\u00e1\u0161 Boudn\u00fd","image":{"@type":"ImageObject","inLanguage":"cs","@id":"https:\/\/www.tedom.com\/cs\/#\/schema\/person\/image\/","url":"https:\/\/secure.gravatar.com\/avatar\/fbc995964195dc1c997212845bd849e4835bd835c346052cc576512a67b5363c?s=96&d=mm&r=g","contentUrl":"https:\/\/secure.gravatar.com\/avatar\/fbc995964195dc1c997212845bd849e4835bd835c346052cc576512a67b5363c?s=96&d=mm&r=g","caption":"Tom\u00e1\u0161 Boudn\u00fd"},"url":"https:\/\/www.tedom.com\/cs\/author\/boudny\/"}]}},"_links":{"self":[{"href":"https:\/\/www.tedom.com\/cs\/wp-json\/wp\/v2\/posts\/26897","targetHints":{"allow":["GET"]}}],"collection":[{"href":"https:\/\/www.tedom.com\/cs\/wp-json\/wp\/v2\/posts"}],"about":[{"href":"https:\/\/www.tedom.com\/cs\/wp-json\/wp\/v2\/types\/post"}],"author":[{"embeddable":true,"href":"https:\/\/www.tedom.com\/cs\/wp-json\/wp\/v2\/users\/7"}],"replies":[{"embeddable":true,"href":"https:\/\/www.tedom.com\/cs\/wp-json\/wp\/v2\/comments?post=26897"}],"version-history":[{"count":1,"href":"https:\/\/www.tedom.com\/cs\/wp-json\/wp\/v2\/posts\/26897\/revisions"}],"predecessor-version":[{"id":26918,"href":"https:\/\/www.tedom.com\/cs\/wp-json\/wp\/v2\/posts\/26897\/revisions\/26918"}],"wp:featuredmedia":[{"embeddable":true,"href":"https:\/\/www.tedom.com\/cs\/wp-json\/wp\/v2\/media\/26899"}],"wp:attachment":[{"href":"https:\/\/www.tedom.com\/cs\/wp-json\/wp\/v2\/media?parent=26897"}],"wp:term":[{"taxonomy":"category","embeddable":true,"href":"https:\/\/www.tedom.com\/cs\/wp-json\/wp\/v2\/categories?post=26897"},{"taxonomy":"post_tag","embeddable":true,"href":"https:\/\/www.tedom.com\/cs\/wp-json\/wp\/v2\/tags?post=26897"}],"curies":[{"name":"wp","href":"https:\/\/api.w.org\/{rel}","templated":true}]}}